{"id":279,"date":"2018-11-27T16:20:30","date_gmt":"2018-11-27T15:20:30","guid":{"rendered":"http:\/\/www.ateliercapricorno.net\/?p=279"},"modified":"2018-11-27T16:20:31","modified_gmt":"2018-11-27T15:20:31","slug":"8-e-16-dicembre-2018","status":"publish","type":"post","link":"https:\/\/www.ateliercapricorno.net\/dev\/2018\/11\/27\/8-e-16-dicembre-2018\/","title":{"rendered":"8 e 16 Dicembre 2018"},"content":{"rendered":"<p class=\"m_-6173431676216697710ox-7a89e16418-MsoNormal\">Cari soci e amici,<\/p>\n<p class=\"m_-6173431676216697710ox-7a89e16418-MsoNormal\"><strong>sabato 8 dicembre alle ore 16<\/strong>\u00a0siete tutti invitati all\u2019inaugurazione della mostra collettiva<strong>\u00a0CIELI<\/strong>\u00a0e al consueto\u00a0<strong>BAZART<\/strong>\u00a0di Natale.<\/p>\n<p class=\"m_-6173431676216697710ox-7a89e16418-MsoNormal\">\n<p class=\"m_-6173431676216697710ox-7a89e16418-MsoNormal\"><strong>Domenica 16 dicembre alle ore 16<\/strong>\u00a0<strong>\u201cSTATUS CAELI\u201d<\/strong>, i fenomeni del cielo illustrati da Edoardo Raschell\u00e0 e a seguire dolcetti natalizi per tutti.<\/p>\n<p class=\"m_-6173431676216697710ox-7a89e16418-MsoNormal\">\n<p class=\"m_-6173431676216697710ox-7a89e16418-MsoNormal\">La mostra e il mercatino rimarranno aperti fino al 23 dicembre,<\/p>\n<p class=\"m_-6173431676216697710ox-7a89e16418-MsoNormal\">luned\u00ec, venerd\u00ec, sabato e domenica dalle 15 alle 18,30.<\/p>\n<p class=\"m_-6173431676216697710ox-7a89e16418-MsoNormal\">\n<p class=\"m_-6173431676216697710ox-7a89e16418-MsoNormal\">In allegato l\u2019invito.<\/p>\n<p class=\"m_-6173431676216697710ox-7a89e16418-MsoNormal\">\n<p class=\"m_-6173431676216697710ox-7a89e16418-MsoNormal\">Vi aspettiamo!<\/p>\n<p><a href=\"http:\/\/www.ateliercapricorno.net\/2018\/11\/27\/8-e-16-dicembre-2018\/locandina-cieli\/\" rel=\"attachment wp-att-283\">Locandina Cieli<\/a><\/p>\n","protected":false},"excerpt":{"rendered":"<p>Cari soci e amici, sabato 8 dicembre alle ore 16\u00a0siete tutti invitati all\u2019inaugurazione della mostra collettiva\u00a0CIELI\u00a0e al consueto\u00a0BAZART\u00a0di Natale. Domenica 16 dicembre alle ore 16\u00a0\u201cSTATUS CAELI\u201d, i fenomeni del cielo illustrati da Edoardo Raschell\u00e0 e a seguire dolcetti natalizi per tutti. La mostra e il mercatino rimarranno aperti fino al 23 dicembre, luned\u00ec, venerd\u00ec, sabato &#8230;<\/p>\n","protected":false},"author":502264,"featured_media":0,"comment_status":"closed","ping_status":"closed","sticky":false,"template":"","format":"standard","meta":{"footnotes":""},"categories":[1],"tags":[],"class_list":["post-279","post","type-post","status-publish","format-standard","hentry","category-senza-categoria"],"_links":{"self":[{"href":"https:\/\/www.ateliercapricorno.net\/dev\/wp-json\/wp\/v2\/posts\/279","targetHints":{"allow":["GET"]}}],"collection":[{"href":"https:\/\/www.ateliercapricorno.net\/dev\/wp-json\/wp\/v2\/posts"}],"about":[{"href":"https:\/\/www.ateliercapricorno.net\/dev\/wp-json\/wp\/v2\/types\/post"}],"author":[{"embeddable":true,"href":"https:\/\/www.ateliercapricorno.net\/dev\/wp-json\/wp\/v2\/users\/502264"}],"replies":[{"embeddable":true,"href":"https:\/\/www.ateliercapricorno.net\/dev\/wp-json\/wp\/v2\/comments?post=279"}],"version-history":[{"count":3,"href":"https:\/\/www.ateliercapricorno.net\/dev\/wp-json\/wp\/v2\/posts\/279\/revisions"}],"predecessor-version":[{"id":795,"href":"https:\/\/www.ateliercapricorno.net\/dev\/wp-json\/wp\/v2\/posts\/279\/revisions\/795"}],"wp:attachment":[{"href":"https:\/\/www.ateliercapricorno.net\/dev\/wp-json\/wp\/v2\/media?parent=279"}],"wp:term":[{"taxonomy":"category","embeddable":true,"href":"https:\/\/www.ateliercapricorno.net\/dev\/wp-json\/wp\/v2\/categories?post=279"},{"taxonomy":"post_tag","embeddable":true,"href":"https:\/\/www.ateliercapricorno.net\/dev\/wp-json\/wp\/v2\/tags?post=279"}],"curies":[{"name":"wp","href":"https:\/\/api.w.org\/{rel}","templated":true}]}}